{"id":9843,"date":"2025-11-03T11:45:17","date_gmt":"2025-11-03T11:45:17","guid":{"rendered":"https:\/\/lignoplan.com\/wordpress_9\/?p=9843"},"modified":"2025-11-03T18:36:29","modified_gmt":"2025-11-03T18:36:29","slug":"u13-2-unterliegt-in-bremthal-deutlich","status":"publish","type":"post","link":"https:\/\/lignoplan.com\/wordpress_9\/u13-2-unterliegt-in-bremthal-deutlich\/","title":{"rendered":"U13-2 unterliegt in Bremthal deutlich"},"content":{"rendered":"<p>Sch\u00fcler U13-Bezirksliga B2:<\/p>\n<p><strong>SG Bremthal\/Fischbach\u00a0\u00a0\u00a0\u00a0\u00a0\u00a0\u00a0\u00a0\u00a0\u00a0\u00a0\u00a0\u00a0\u00a0\u00a0\u00a0 &#8211; BVG Goldbach \/ Laufach 2\u00a0\u00a0\u00a0\u00a0\u00a0\u00a0\u00a0\u00a0 \u00a0\u00a0\u00a0\u00a0\u00a0\u00a0\u00a0\u00a0\u00a0\u00a0\u00a0\u00a0\u00a0\u00a0 6 : 0<\/strong><\/p>\n<p>Stark ersatzgeschw\u00e4cht musste die U13-2 zu ihrem dritten Ausw\u00e4rtsspiel reisen. Beim Tabellenf\u00fchrer Bremthal\/Fischbach 2 gab es so erwartungsgem\u00e4\u00df wenig zu erben. Zumindest konnten Mattis und Mathilda Pfarr im ersten Doppel die Partie beim 11:21 \/17:21 einigerma\u00dfen offen halten. Auch im zweiten Einzel holte Mathilda Pfarr mit 15:21 \/ 15:21 noch ein gutes Ergebnis. Mattis, als j\u00fcngster BVG\u2019ler konnte im ersten Einzel auch zu Beginn super mithalten und unterlag nur mit 20:22, doch im zweiten Satz schwanden die Kr\u00e4fte bei seinem zweiten Einsatz an diesem Tag. Im dritten Einzel konnte Paul Akcam zumindest noch zweistellig in jedem Satz punkten. Auch wenn es jetzt zwei deutliche Niederlagen in Serie gab, so gilt es im anstehenden letzten Vorrundenspiel gegen Tabellennachbarn Oberursel nochmals zu punkten. Dann k\u00f6nnte man sogar noch mit Platz 3 in die Weihnachtspause gehen.<\/p>\n<p><img loading=\"lazy\" decoding=\"async\" class=\"alignnone size-medium wp-image-9854\" src=\"https:\/\/lignoplan.com\/wordpress_9\/wp-content\/uploads\/2025\/11\/26-U13-2-Bremthal-Mattis-300x243.jpg\" alt=\"\" width=\"300\" height=\"243\" srcset=\"https:\/\/lignoplan.com\/wordpress_9\/wp-content\/uploads\/2025\/11\/26-U13-2-Bremthal-Mattis-300x243.jpg 300w, https:\/\/lignoplan.com\/wordpress_9\/wp-content\/uploads\/2025\/11\/26-U13-2-Bremthal-Mattis-1024x829.jpg 1024w, https:\/\/lignoplan.com\/wordpress_9\/wp-content\/uploads\/2025\/11\/26-U13-2-Bremthal-Mattis-150x121.jpg 150w, https:\/\/lignoplan.com\/wordpress_9\/wp-content\/uploads\/2025\/11\/26-U13-2-Bremthal-Mattis-768x621.jpg 768w, https:\/\/lignoplan.com\/wordpress_9\/wp-content\/uploads\/2025\/11\/26-U13-2-Bremthal-Mattis-1536x1243.jpg 1536w, https:\/\/lignoplan.com\/wordpress_9\/wp-content\/uploads\/2025\/11\/26-U13-2-Bremthal-Mattis.jpg 1929w\" sizes=\"auto, (max-width: 300px) 100vw, 300px\" \/>\u00a0 \u00a0 <img loading=\"lazy\" decoding=\"async\" class=\"alignnone  wp-image-9853\" src=\"https:\/\/lignoplan.com\/wordpress_9\/wp-content\/uploads\/2025\/11\/26-U13-2-Bremthal-Akcam-300x229.jpg\" alt=\"\" width=\"318\" height=\"243\" srcset=\"https:\/\/lignoplan.com\/wordpress_9\/wp-content\/uploads\/2025\/11\/26-U13-2-Bremthal-Akcam-300x229.jpg 300w, https:\/\/lignoplan.com\/wordpress_9\/wp-content\/uploads\/2025\/11\/26-U13-2-Bremthal-Akcam-1024x781.jpg 1024w, https:\/\/lignoplan.com\/wordpress_9\/wp-content\/uploads\/2025\/11\/26-U13-2-Bremthal-Akcam-150x114.jpg 150w, https:\/\/lignoplan.com\/wordpress_9\/wp-content\/uploads\/2025\/11\/26-U13-2-Bremthal-Akcam-768x585.jpg 768w, https:\/\/lignoplan.com\/wordpress_9\/wp-content\/uploads\/2025\/11\/26-U13-2-Bremthal-Akcam.jpg 1195w\" sizes=\"auto, (max-width: 318px) 100vw, 318px\" \/><\/p>\n<p>Mattis Pfarr (linkes Bild) und Paul Akcam (rechtes Bild) in Bremthal im Einsatz<\/p>\n","protected":false},"excerpt":{"rendered":"<p>Sch\u00fcler U13-Bezirksliga B2: SG Bremthal\/Fischbach\u00a0\u00a0\u00a0\u00a0\u00a0\u00a0\u00a0\u00a0\u00a0\u00a0\u00a0\u00a0\u00a0\u00a0\u00a0\u00a0 &#8211; BVG Goldbach \/ Laufach 2\u00a0\u00a0\u00a0\u00a0\u00a0\u00a0\u00a0\u00a0 \u00a0\u00a0\u00a0\u00a0\u00a0\u00a0\u00a0\u00a0\u00a0\u00a0\u00a0\u00a0\u00a0\u00a0 6 : 0 Stark ersatzgeschw\u00e4cht musste die U13-2 zu ihrem dritten Ausw\u00e4rtsspiel reisen. Beim Tabellenf\u00fchrer Bremthal\/Fischbach 2 gab es so erwartungsgem\u00e4\u00df wenig zu erben. Zumindest konnten Mattis und Mathilda Pfarr im ersten Doppel die Partie beim 11:21 \/17:21 einigerma\u00dfen offen halten. Auch im [&hellip;]<\/p>\n","protected":false},"author":4,"featured_media":9855,"comment_status":"open","ping_status":"closed","sticky":false,"template":"","format":"standard","meta":{"_acf_changed":false,"_monsterinsights_skip_tracking":false,"_monsterinsights_sitenote_active":false,"_monsterinsights_sitenote_note":"","_monsterinsights_sitenote_category":0,"ngg_post_thumbnail":0,"footnotes":""},"categories":[68],"tags":[],"class_list":["post-9843","post","type-post","status-publish","format-standard","has-post-thumbnail","hentry","category-schueler-4"],"acf":[],"_links":{"self":[{"href":"https:\/\/lignoplan.com\/wordpress_9\/wp-json\/wp\/v2\/posts\/9843","targetHints":{"allow":["GET"]}}],"collection":[{"href":"https:\/\/lignoplan.com\/wordpress_9\/wp-json\/wp\/v2\/posts"}],"about":[{"href":"https:\/\/lignoplan.com\/wordpress_9\/wp-json\/wp\/v2\/types\/post"}],"author":[{"embeddable":true,"href":"https:\/\/lignoplan.com\/wordpress_9\/wp-json\/wp\/v2\/users\/4"}],"replies":[{"embeddable":true,"href":"https:\/\/lignoplan.com\/wordpress_9\/wp-json\/wp\/v2\/comments?post=9843"}],"version-history":[{"count":3,"href":"https:\/\/lignoplan.com\/wordpress_9\/wp-json\/wp\/v2\/posts\/9843\/revisions"}],"predecessor-version":[{"id":9857,"href":"https:\/\/lignoplan.com\/wordpress_9\/wp-json\/wp\/v2\/posts\/9843\/revisions\/9857"}],"wp:featuredmedia":[{"embeddable":true,"href":"https:\/\/lignoplan.com\/wordpress_9\/wp-json\/wp\/v2\/media\/9855"}],"wp:attachment":[{"href":"https:\/\/lignoplan.com\/wordpress_9\/wp-json\/wp\/v2\/media?parent=9843"}],"wp:term":[{"taxonomy":"category","embeddable":true,"href":"https:\/\/lignoplan.com\/wordpress_9\/wp-json\/wp\/v2\/categories?post=9843"},{"taxonomy":"post_tag","embeddable":true,"href":"https:\/\/lignoplan.com\/wordpress_9\/wp-json\/wp\/v2\/tags?post=9843"}],"curies":[{"name":"wp","href":"https:\/\/api.w.org\/{rel}","templated":true}]}}