{"id":9214,"date":"2025-02-04T11:15:57","date_gmt":"2025-02-04T11:15:57","guid":{"rendered":"https:\/\/lignoplan.com\/wordpress_9\/?p=9214"},"modified":"2025-02-04T11:15:57","modified_gmt":"2025-02-04T11:15:57","slug":"zwei-turniersiege-auf-e-rlt-in-kelkheim","status":"publish","type":"post","link":"https:\/\/lignoplan.com\/wordpress_9\/zwei-turniersiege-auf-e-rlt-in-kelkheim\/","title":{"rendered":"Zwei Turniersiege auf E-RLT in Kelkheim"},"content":{"rendered":"<p>Am vergangenen Wochenende startete nun auch der Bezirk Frankfurt in die neue Ranglistensaison. Nach den guten Ergebnissen im Januar beim Turnierstart des Bezirkes Unterfranken in Michelbach, kn\u00fcpften unsere BVG-Spieler:innen nun in Kelkheim nahtlos an diese Resultate an.<\/p>\n<p><strong>Altersklasse U11:<\/strong><\/p>\n<p>Nach seinem ersten Turniereinsatz in Michelbach, zeigte Mattis Pfarr auch in Kelkheim, dass er um die vorderen Pl\u00e4tze mitspielen kann. Mit einem Drei-Satz-Sieg qualifizierte er sich f\u00fcr die zweite Runde, in der er auf den Turnierfavoriten traf. Dieser erwies sich in zwei S\u00e4tzen als zu stark. In der Platzierungsrunde gab es zwar zum Auftakt eine Niederlage aber im Spiel um Platz sieben erk\u00e4mpfte sich Mattis einen knappen 21:17 \/ 16:21 \/ 22:20-Sieg. Ihre Turnierpremiere feierte Alexandra Jehle. Zum Auftakt durfte sie gleich gegen die sp\u00e4tere Siegerin ran. Alexandra gelang es als einzige Spielerin gegen die \u201eGastgeberin\u201c in beiden S\u00e4tzen zweistellig Punkte zu holen, auch wenn es am Ende mit 13:21 und 16:21 noch nicht reichte. Anschlie\u00dfend wurde Alexandra eigentlich nicht mehr gro\u00df gefordert und holte mit zwei lockeren Siegen den f\u00fcnften Platz.<\/p>\n<p><strong><em>M\u00e4dcheneinzel:<\/em><\/strong><\/p>\n<p>Platz 5:\u00a0\u00a0\u00a0\u00a0\u00a0\u00a0\u00a0\u00a0\u00a0\u00a0\u00a0\u00a0\u00a0\u00a0\u00a0\u00a0\u00a0\u00a0\u00a0\u00a0\u00a0\u00a0 Alexandra Jehle<\/p>\n<p><strong><em>Jungeneinzel:<\/em><\/strong><\/p>\n<p>Platz 7:\u00a0\u00a0\u00a0\u00a0\u00a0\u00a0\u00a0\u00a0\u00a0\u00a0\u00a0\u00a0\u00a0\u00a0\u00a0\u00a0\u00a0\u00a0\u00a0\u00a0\u00a0\u00a0 Mattis Pfarr<\/p>\n<p>&nbsp;<\/p>\n<p><strong>Altersklasse U17:<\/strong><\/p>\n<p>Auch in der U17 machten sich vor allem die Jungs nach Platz drei und vier in Michelbach Hoffnungen auf viele weitere Ranglistenpunkte. Doch Julian Rimmel musste kurzfristig krank abmelden und Julian Schauer kassierte im Viertelfinale eine \u00fcberraschende Niederlage. So sprang Lena M\u00fcnstermann in der M\u00e4dchenkonkurrenz in die Bresche. Mit Zwei-Satz-Siegen erreichte sie souver\u00e4n das Finale. Dort wurde sie dann von Ayla Roy (BC Eltville) mit 17:21 \/ 14:21 ausgebremst. F\u00fcr Julian Schauer reichte es noch zum Finale der Platzierungsrunde um Rang neun. Linus Feld unterlag in Runde 2 in zwei S\u00e4tzen, konnte dann aber noch vier Siege feiern und zumindest noch Platz 17 erreichen.<\/p>\n<p><strong><em>M\u00e4dcheneinzel:<\/em><\/strong><\/p>\n<p>Platz 2:\u00a0\u00a0\u00a0\u00a0\u00a0\u00a0\u00a0\u00a0\u00a0\u00a0\u00a0\u00a0\u00a0\u00a0\u00a0\u00a0\u00a0\u00a0\u00a0\u00a0\u00a0\u00a0 Lena M\u00fcnstermann<\/p>\n<p><strong><em>Jungeneinzel:<\/em><\/strong><\/p>\n<p>Platz 10:\u00a0\u00a0\u00a0\u00a0\u00a0\u00a0\u00a0\u00a0\u00a0\u00a0\u00a0\u00a0\u00a0\u00a0\u00a0\u00a0\u00a0\u00a0\u00a0\u00a0 Julian Schauer<\/p>\n<p>Platz 17:\u00a0\u00a0\u00a0\u00a0\u00a0\u00a0\u00a0\u00a0 \u00a0\u00a0\u00a0\u00a0\u00a0\u00a0\u00a0\u00a0\u00a0\u00a0\u00a0 Linus Feld<\/p>\n<p><img loading=\"lazy\" decoding=\"async\" class=\"alignnone size-medium wp-image-9217\" src=\"https:\/\/lignoplan.com\/wordpress_9\/wp-content\/uploads\/2025\/02\/2425-Kelkheim-ME-U17-300x286.jpg\" alt=\"\" width=\"300\" height=\"286\" srcset=\"https:\/\/lignoplan.com\/wordpress_9\/wp-content\/uploads\/2025\/02\/2425-Kelkheim-ME-U17-300x286.jpg 300w, https:\/\/lignoplan.com\/wordpress_9\/wp-content\/uploads\/2025\/02\/2425-Kelkheim-ME-U17-1024x975.jpg 1024w, https:\/\/lignoplan.com\/wordpress_9\/wp-content\/uploads\/2025\/02\/2425-Kelkheim-ME-U17-150x143.jpg 150w, https:\/\/lignoplan.com\/wordpress_9\/wp-content\/uploads\/2025\/02\/2425-Kelkheim-ME-U17-768x731.jpg 768w, https:\/\/lignoplan.com\/wordpress_9\/wp-content\/uploads\/2025\/02\/2425-Kelkheim-ME-U17-1536x1463.jpg 1536w, https:\/\/lignoplan.com\/wordpress_9\/wp-content\/uploads\/2025\/02\/2425-Kelkheim-ME-U17-2048x1951.jpg 2048w\" sizes=\"auto, (max-width: 300px) 100vw, 300px\" \/><\/p>\n<p><strong>Altersklasse U19:<\/strong><\/p>\n<p>Anna Schleinitz war die einzige Vertreterin der BVG in der U19. Das hielt sie aber nicht davon ab mit zwei sicheren Siegen ins Finale einzuziehen. In drei S\u00e4tzen, am Ende ziemlich sicher, holte sie sich mit 16:21 \/ 21:18 \/ 21:9 den Turniersieg. Auch am Tag darauf stand sie mit Lena M\u00fcnstermann in der Doppelkonkurrenz ganz oben auf dem Podest. Und das ohne Satzverlust f\u00fcr die beiden BVG\u2018lerinnen.<\/p>\n<p><strong><em>M\u00e4dcheneinzel:<\/em><\/strong><\/p>\n<p>Platz 1:\u00a0\u00a0\u00a0\u00a0\u00a0\u00a0\u00a0\u00a0\u00a0\u00a0\u00a0\u00a0\u00a0\u00a0\u00a0\u00a0\u00a0\u00a0\u00a0\u00a0\u00a0\u00a0 Anna Schleinitz<\/p>\n<p><strong><em>M\u00e4dchendoppel:<\/em><\/strong><\/p>\n<p>Platz 1:\u00a0\u00a0\u00a0\u00a0\u00a0\u00a0\u00a0\u00a0\u00a0\u00a0\u00a0\u00a0\u00a0\u00a0\u00a0\u00a0\u00a0\u00a0\u00a0\u00a0\u00a0\u00a0 Anna Schleinitz \/ Lena M\u00fcnstermann<\/p>\n<p><img loading=\"lazy\" decoding=\"async\" class=\"alignnone size-medium wp-image-9216\" src=\"https:\/\/lignoplan.com\/wordpress_9\/wp-content\/uploads\/2025\/02\/2425-Kelkheim-ME-U19-300x247.jpg\" alt=\"\" width=\"300\" height=\"247\" srcset=\"https:\/\/lignoplan.com\/wordpress_9\/wp-content\/uploads\/2025\/02\/2425-Kelkheim-ME-U19-300x247.jpg 300w, https:\/\/lignoplan.com\/wordpress_9\/wp-content\/uploads\/2025\/02\/2425-Kelkheim-ME-U19-1024x843.jpg 1024w, https:\/\/lignoplan.com\/wordpress_9\/wp-content\/uploads\/2025\/02\/2425-Kelkheim-ME-U19-150x124.jpg 150w, https:\/\/lignoplan.com\/wordpress_9\/wp-content\/uploads\/2025\/02\/2425-Kelkheim-ME-U19-768x633.jpg 768w, https:\/\/lignoplan.com\/wordpress_9\/wp-content\/uploads\/2025\/02\/2425-Kelkheim-ME-U19-1536x1265.jpg 1536w, https:\/\/lignoplan.com\/wordpress_9\/wp-content\/uploads\/2025\/02\/2425-Kelkheim-ME-U19-2048x1687.jpg 2048w\" sizes=\"auto, (max-width: 300px) 100vw, 300px\" \/>\u00a0 <img loading=\"lazy\" decoding=\"async\" class=\"alignnone size-medium wp-image-9215\" src=\"https:\/\/lignoplan.com\/wordpress_9\/wp-content\/uploads\/2025\/02\/2425-Kelkheim-MD-U19-176x300.jpg\" alt=\"\" width=\"176\" height=\"300\" srcset=\"https:\/\/lignoplan.com\/wordpress_9\/wp-content\/uploads\/2025\/02\/2425-Kelkheim-MD-U19-176x300.jpg 176w, https:\/\/lignoplan.com\/wordpress_9\/wp-content\/uploads\/2025\/02\/2425-Kelkheim-MD-U19-600x1024.jpg 600w, https:\/\/lignoplan.com\/wordpress_9\/wp-content\/uploads\/2025\/02\/2425-Kelkheim-MD-U19-88x150.jpg 88w, https:\/\/lignoplan.com\/wordpress_9\/wp-content\/uploads\/2025\/02\/2425-Kelkheim-MD-U19-768x1312.jpg 768w, https:\/\/lignoplan.com\/wordpress_9\/wp-content\/uploads\/2025\/02\/2425-Kelkheim-MD-U19-899x1536.jpg 899w, https:\/\/lignoplan.com\/wordpress_9\/wp-content\/uploads\/2025\/02\/2425-Kelkheim-MD-U19-1199x2048.jpg 1199w, https:\/\/lignoplan.com\/wordpress_9\/wp-content\/uploads\/2025\/02\/2425-Kelkheim-MD-U19-scaled.jpg 1499w\" sizes=\"auto, (max-width: 176px) 100vw, 176px\" \/><\/p>\n","protected":false},"excerpt":{"rendered":"<p>Am vergangenen Wochenende startete nun auch der Bezirk Frankfurt in die neue Ranglistensaison. Nach den guten Ergebnissen im Januar beim Turnierstart des Bezirkes Unterfranken in Michelbach, kn\u00fcpften unsere BVG-Spieler:innen nun in Kelkheim nahtlos an diese Resultate an. Altersklasse U11: Nach seinem ersten Turniereinsatz in Michelbach, zeigte Mattis Pfarr auch in Kelkheim, dass er um die [&hellip;]<\/p>\n","protected":false},"author":4,"featured_media":9218,"comment_status":"open","ping_status":"closed","sticky":false,"template":"","format":"standard","meta":{"_acf_changed":false,"_monsterinsights_skip_tracking":false,"_monsterinsights_sitenote_active":false,"_monsterinsights_sitenote_note":"","_monsterinsights_sitenote_category":0,"ngg_post_thumbnail":0,"footnotes":""},"categories":[11],"tags":[],"class_list":["post-9214","post","type-post","status-publish","format-standard","has-post-thumbnail","hentry","category-turniere"],"acf":[],"_links":{"self":[{"href":"https:\/\/lignoplan.com\/wordpress_9\/wp-json\/wp\/v2\/posts\/9214","targetHints":{"allow":["GET"]}}],"collection":[{"href":"https:\/\/lignoplan.com\/wordpress_9\/wp-json\/wp\/v2\/posts"}],"about":[{"href":"https:\/\/lignoplan.com\/wordpress_9\/wp-json\/wp\/v2\/types\/post"}],"author":[{"embeddable":true,"href":"https:\/\/lignoplan.com\/wordpress_9\/wp-json\/wp\/v2\/users\/4"}],"replies":[{"embeddable":true,"href":"https:\/\/lignoplan.com\/wordpress_9\/wp-json\/wp\/v2\/comments?post=9214"}],"version-history":[{"count":1,"href":"https:\/\/lignoplan.com\/wordpress_9\/wp-json\/wp\/v2\/posts\/9214\/revisions"}],"predecessor-version":[{"id":9219,"href":"https:\/\/lignoplan.com\/wordpress_9\/wp-json\/wp\/v2\/posts\/9214\/revisions\/9219"}],"wp:featuredmedia":[{"embeddable":true,"href":"https:\/\/lignoplan.com\/wordpress_9\/wp-json\/wp\/v2\/media\/9218"}],"wp:attachment":[{"href":"https:\/\/lignoplan.com\/wordpress_9\/wp-json\/wp\/v2\/media?parent=9214"}],"wp:term":[{"taxonomy":"category","embeddable":true,"href":"https:\/\/lignoplan.com\/wordpress_9\/wp-json\/wp\/v2\/categories?post=9214"},{"taxonomy":"post_tag","embeddable":true,"href":"https:\/\/lignoplan.com\/wordpress_9\/wp-json\/wp\/v2\/tags?post=9214"}],"curies":[{"name":"wp","href":"https:\/\/api.w.org\/{rel}","templated":true}]}}