{"id":5705,"date":"2020-10-25T16:10:18","date_gmt":"2020-10-25T16:10:18","guid":{"rendered":"http:\/\/lignoplan.com\/wordpress_9\/?p=5705"},"modified":"2020-10-25T16:10:18","modified_gmt":"2020-10-25T16:10:18","slug":"aktualisierter-trainingsbetrieb-bei-jugend-schueler-und-minis-jetzt-auch-wieder-am-mittwoch","status":"publish","type":"post","link":"https:\/\/lignoplan.com\/wordpress_9\/aktualisierter-trainingsbetrieb-bei-jugend-schueler-und-minis-jetzt-auch-wieder-am-mittwoch\/","title":{"rendered":"Aktualisierter Trainingsbetrieb bei Jugend, Sch\u00fcler und Minis (jetzt auch wieder am Mittwoch)"},"content":{"rendered":"<p>Aktualisierter Trainingsbetrieb bei Jugend, Sch\u00fcler und Minis (jetzt auch wieder am Mittwoch)<\/p>\n<p>Nach einigen \u201eH\u00e4ngepartien\u201c in einigen Trainingsgruppen, und jeder Menge Abstimmungsarbeit, k\u00f6nnen wir nun endlich wieder unseren <strong>\u201eRegelbetrieb\u201c im Sch\u00fcler- und Jugendbereich anbieten<\/strong>. Wir sind dabei nun wieder auf dem Stand wie vor den Einschr\u00e4nkungen im M\u00e4rz.<\/p>\n<p>Seit den Sommerferien konnten wir ja wieder die meisten gewohnten Trainingszeiten anbieten, bis eben auf die beiden Gruppen am Mittwoch. Unsere bisherigen Trainer konnten hier aus beruflichen Gr\u00fcnden den Betrieb nicht wieder aufnehmen.<\/p>\n<p>Nach einigen Gespr\u00e4chen &#8211; leider auch vielen Absagen &#8211; haben nun einige neue Trainer*innen ihre Bereitschaft erkl\u00e4rt Trainingsgruppen im Sch\u00fcler- und Jugendbereich zu \u00fcbernehmen. Daf\u00fcr schon mal von Seiten der Vorstandschaft und der Jugendleitung ein dickes \u201eDankesch\u00f6n\u201c.<\/p>\n<p>Wir haben auch die Gelegenheit genutzt, den Nachwuchsbereich ein wenig umzustrukturieren. Da in den letzten Jahren leider das Interesse am Wettkampfsport zur\u00fcckgegangen ist, haben wir versucht uns dieser Tatsache anzupassen. Noch vor 10 Jahren, nahmen regelm\u00e4\u00dfig bis zu 30 Kinder aus Goldbach und Laufach an den Badmintonturnieren teil. In den letzten Jahren ist die Teilnehmerzahl auf unter 10 Kinder gesunken. Daf\u00fcr hat aber der Mannschaftsspielbetrieb zugelegt. Immerhin konnten wir hier unsere Teams sogar leicht ausbauen, so dass wir in der Saison 2019\/20 3 Jugend- und 3 Sch\u00fclermannschaften im Spielbetrieb hatten. Lediglich der TV Hofheim konnte in ganz Hessen mehr Mannschaften aufweisen.<\/p>\n<p><strong>Unsere \u00c4nderungen im Trainingsbetrieb:<\/strong><\/p>\n<p>F\u00fcr unsere <strong>Einsteiger-\/Neulings-\/Minigruppen<\/strong> (Dienstag, Mittwoch und Donnerstag) haben wir nun in der Regel zwei Trainer*innen aktivieren k\u00f6nnen. So kann in diesen Gruppen differenzierter auf das Interesse am Wettkampf- oder Freizeitsport eingegangen werden. In Laufach haben das am Dienstag schon seit einiger Zeit Ann und Heike Roither durchgef\u00fchrt. Am Mittwoch haben wir dazu Werner Wagner und Werner Nebel gewinnen k\u00f6nnen. F\u00fcr den Donnerstag sind wir noch auf der Suche nach einer Unterst\u00fctzung f\u00fcr Hans-Peter Schmitt.<\/p>\n<p>Im <strong>Sch\u00fclerbereich<\/strong> haben wir nun am Montag eine neue (reine) Wettkampfgruppe bei Nicol Bittner eingerichtet. Nicol ist unsere einzige A-Trainerin (und auch Ex-Nationalspielerin). F\u00fcr diese Gruppe (und weitere Kinder) haben wir auch die Trainingszeit am Mittwoch wieder reaktivieren k\u00f6nnen. Hier wird unser Neuzugang Dascha Dobrovolskij in Abstimmung mit Nicol unseren Wettkampfspieler*innen eine zweite Einheit anbieten. Beide werden noch von Jette Bittner assistiert.<\/p>\n<p>Nicht mehr im Programm, haben wir die <strong>Jugend- und Studentengruppe<\/strong> von Werner Wagner am Freitag. Werner ist zu den Minis in den Mittwoch gewechselt. Es k\u00f6nnen sich aber gerne nach wie vor interessierte Studenten melden, und diese Gruppe wieder \u201eaufleben\u201c lassen.<\/p>\n<p>Die Grundschul AG der 2. Klasse am Samstag wechselt nun als Talentnestgruppe in den regul\u00e4ren Trainingsbetrieb. Dazu gibt es zwei Angebote mit Dienstag (16:30 \u2013 18:00) und Donnerstag (16:00 \u2013 17:30).<\/p>\n<p>&nbsp;<\/p>\n<p>Hier gibt es die\u00a0<a href=\"https:\/\/lignoplan.com\/wordpress_9\/wp-content\/uploads\/2020\/10\/2021-BVG-Trainingszeiten-2020.pdf\">2021 BVG Trainingszeiten 2020<\/a> (mit Jahrgangsangaben) zum runterladen.<\/p>\n","protected":false},"excerpt":{"rendered":"<p>Aktualisierter Trainingsbetrieb bei Jugend, Sch\u00fcler und Minis (jetzt auch wieder am Mittwoch) Nach einigen \u201eH\u00e4ngepartien\u201c in einigen Trainingsgruppen, und jeder Menge Abstimmungsarbeit, k\u00f6nnen wir nun endlich wieder unseren \u201eRegelbetrieb\u201c im Sch\u00fcler- und Jugendbereich anbieten. Wir sind dabei nun wieder auf dem Stand wie vor den Einschr\u00e4nkungen im M\u00e4rz. Seit den Sommerferien konnten wir ja wieder [&hellip;]<\/p>\n","protected":false},"author":4,"featured_media":5707,"comment_status":"open","ping_status":"closed","sticky":false,"template":"","format":"standard","meta":{"_acf_changed":false,"_monsterinsights_skip_tracking":false,"_monsterinsights_sitenote_active":false,"_monsterinsights_sitenote_note":"","_monsterinsights_sitenote_category":0,"ngg_post_thumbnail":0,"footnotes":""},"categories":[3],"tags":[],"class_list":["post-5705","post","type-post","status-publish","format-standard","has-post-thumbnail","hentry","category-allgemein"],"acf":[],"_links":{"self":[{"href":"https:\/\/lignoplan.com\/wordpress_9\/wp-json\/wp\/v2\/posts\/5705","targetHints":{"allow":["GET"]}}],"collection":[{"href":"https:\/\/lignoplan.com\/wordpress_9\/wp-json\/wp\/v2\/posts"}],"about":[{"href":"https:\/\/lignoplan.com\/wordpress_9\/wp-json\/wp\/v2\/types\/post"}],"author":[{"embeddable":true,"href":"https:\/\/lignoplan.com\/wordpress_9\/wp-json\/wp\/v2\/users\/4"}],"replies":[{"embeddable":true,"href":"https:\/\/lignoplan.com\/wordpress_9\/wp-json\/wp\/v2\/comments?post=5705"}],"version-history":[{"count":2,"href":"https:\/\/lignoplan.com\/wordpress_9\/wp-json\/wp\/v2\/posts\/5705\/revisions"}],"predecessor-version":[{"id":5709,"href":"https:\/\/lignoplan.com\/wordpress_9\/wp-json\/wp\/v2\/posts\/5705\/revisions\/5709"}],"wp:featuredmedia":[{"embeddable":true,"href":"https:\/\/lignoplan.com\/wordpress_9\/wp-json\/wp\/v2\/media\/5707"}],"wp:attachment":[{"href":"https:\/\/lignoplan.com\/wordpress_9\/wp-json\/wp\/v2\/media?parent=5705"}],"wp:term":[{"taxonomy":"category","embeddable":true,"href":"https:\/\/lignoplan.com\/wordpress_9\/wp-json\/wp\/v2\/categories?post=5705"},{"taxonomy":"post_tag","embeddable":true,"href":"https:\/\/lignoplan.com\/wordpress_9\/wp-json\/wp\/v2\/tags?post=5705"}],"curies":[{"name":"wp","href":"https:\/\/api.w.org\/{rel}","templated":true}]}}