{"id":5642,"date":"2020-09-13T17:57:26","date_gmt":"2020-09-13T17:57:26","guid":{"rendered":"http:\/\/lignoplan.com\/wordpress_9\/?p=5642"},"modified":"2020-09-18T07:37:11","modified_gmt":"2020-09-18T07:37:11","slug":"trainingszeiten-fuer-die-woche-14-18-09-2020","status":"publish","type":"post","link":"https:\/\/lignoplan.com\/wordpress_9\/trainingszeiten-fuer-die-woche-14-18-09-2020\/","title":{"rendered":"Trainingszeiten f\u00fcr die Woche 14. \u2013 18.09.2020"},"content":{"rendered":"<p><strong>Montag, 14.09.2020\u00a0\u00a0\u00a0\u00a0\u00a0\u00a0\u00a0 Goldbach<\/strong><\/p>\n<p>19:30 \u2013 22:00\u00a0\u00a0\u00a0\u00a0\u00a0\u00a0\u00a0\u00a0\u00a0\u00a0\u00a0\u00a0\u00a0\u00a0\u00a0\u00a0\u00a0\u00a0\u00a0\u00a0 Jugend (Jahrgang 2000 und j\u00fcnger) und Aktive<\/p>\n<p><strong>Dienstag, 15.09.2020\u00a0\u00a0\u00a0\u00a0\u00a0 Laufach<\/strong><\/p>\n<p>16:30 \u2013 18:00\u00a0\u00a0\u00a0\u00a0\u00a0\u00a0\u00a0\u00a0\u00a0\u00a0\u00a0\u00a0\u00a0\u00a0\u00a0\u00a0\u00a0\u00a0\u00a0\u00a0 Sch\u00fcler und Minis (Jahrgang 2006 und j\u00fcnger)<\/p>\n<p>20:00 \u2013 22:00\u00a0\u00a0\u00a0\u00a0\u00a0\u00a0\u00a0\u00a0\u00a0\u00a0\u00a0\u00a0\u00a0\u00a0\u00a0\u00a0\u00a0\u00a0\u00a0\u00a0 Jugend, Aktive und Hobby<\/p>\n<p><strong>\u00a0<\/strong><\/p>\n<p><strong>Mittwoch, 16.09.2020\u00a0\u00a0\u00a0 Goldbach<\/strong><\/p>\n<p>19:30 \u2013 22:00\u00a0\u00a0\u00a0\u00a0\u00a0\u00a0\u00a0\u00a0\u00a0\u00a0\u00a0\u00a0\u00a0\u00a0\u00a0\u00a0\u00a0\u00a0\u00a0\u00a0 Jugend (Jahrgang 2000 und j\u00fcnger), Aktive und Hobby<\/p>\n<p><strong>\u00a0<\/strong><\/p>\n<p><strong>Donnerstag, 16.09.2020 \u00a0\u00a0Goldbach<\/strong><\/p>\n<p>16:00 \u2013 17:30\u00a0\u00a0\u00a0\u00a0\u00a0\u00a0\u00a0\u00a0\u00a0\u00a0\u00a0\u00a0\u00a0\u00a0\u00a0\u00a0\u00a0\u00a0\u00a0\u00a0 Sch\u00fcler und Minis (Jahrgang 2006 und j\u00fcnger)<\/p>\n<p><strong>Donnerstag, 16.09.2020 \u00a0\u00a0Laufach<\/strong><\/p>\n<p>17:00 \u2013 18:30\u00a0\u00a0\u00a0\u00a0\u00a0\u00a0\u00a0\u00a0\u00a0\u00a0\u00a0\u00a0\u00a0\u00a0\u00a0\u00a0\u00a0\u00a0\u00a0\u00a0 Sch\u00fcler und Minis (Jahrgang 2006 und j\u00fcnger)<\/p>\n<p>18:30 \u2013 20:00\u00a0\u00a0\u00a0\u00a0\u00a0\u00a0\u00a0\u00a0\u00a0\u00a0\u00a0\u00a0\u00a0\u00a0\u00a0\u00a0\u00a0\u00a0\u00a0\u00a0 Jugend (Jahrgang 2002 und j\u00fcnger)<\/p>\n<p>20:00 \u2013 22:00\u00a0\u00a0\u00a0\u00a0\u00a0\u00a0\u00a0\u00a0\u00a0\u00a0\u00a0\u00a0\u00a0\u00a0\u00a0\u00a0\u00a0\u00a0\u00a0\u00a0 Aktive und Hobby<\/p>\n<p>&nbsp;<\/p>\n<p><strong>Freitag, 17.09.2020 \u00a0\u00a0Laufach<\/strong><\/p>\n<p>17:00 \u2013 18:30\u00a0\u00a0\u00a0\u00a0\u00a0\u00a0\u00a0\u00a0\u00a0\u00a0\u00a0\u00a0\u00a0\u00a0\u00a0\u00a0\u00a0\u00a0\u00a0\u00a0 Jugend und Sch\u00fcler (Jahrgang 2002 und j\u00fcnger)<\/p>\n<p>&nbsp;<\/p>\n<p><strong>HINWEIS:<\/strong><\/p>\n<p><strong><em>Mittwoch, 16:30 \u2013 18:00 in Goldbach, Minis:<\/em><\/strong><\/p>\n<p>Der TV Goldbach stellt uns aktuell diese Zeit nicht mehr zur Verf\u00fcgung. Daher empfehlen wir den Minis folgende \u201eAlternativen\u201c: Dienstag, 16:30 in Laufach oder Donnerstag, 16:00 in Goldbach<\/p>\n<p><strong><em>Mittwoch, 18:00 \u2013 19:30 in Goldbach, Sch\u00fcler \/ Jugend:<\/em><\/strong><\/p>\n<p>F\u00fcr diese Gruppe suchen wir aktuell noch nach einem\/r Trainer\/in. Daher empfehlen wir den Sch\u00fclern \/ Jugendlichen folgende \u201eAlternativen\u201c: Montag, 19:30 in Goldbach, Donnerstag, 17:00, bzw. 18:30 in Laufach, Freitag, 17:30 in Laufach<\/p>\n<p><strong>HINTERGRUND:<\/strong><\/p>\n<p>In Goldbach hat die Gemeinde zwar mittlerweile die Weberbornhalle wieder ge\u00f6ffnet, allerdings noch mit vielen Einschr\u00e4nkungen. Daher hat der TV Goldbach in der \u201eCoronazeit\u201c einigen Abteilungen, die \u00fcblicherweise in der Weberbornhalle trainieren, Zeiten in der Vereinshalle zur Verf\u00fcgung gestellt. Das gilt auch f\u00fcr die kleine Schulturnhalle, die saniert wird. Daher sind auch die Ger\u00e4tturner in der TVG-Halle \u201eeinquartiert\u201c. Aus gegebenem Anlass findet auch im Gymnastikraum kein kompletter Kursunterricht statt. Auch hier wurden einige Kurse in die Halle verlegt. Das bringt gro\u00dfe Einschnitte f\u00fcr die \u201e\u00fcblichen\u201c Nutzer, Handball, Basketball und Badminton mit sich. F\u00fcr Badminton sind die Gruppen Montag, 18:00 \u2013 19:30 und Mittwoch, 16:30 \u2013 18.00 davon betroffen. Sobald diese \u00c4nderungen wieder aufgehoben werden, informieren wir an dieser Stelle.<\/p>\n","protected":false},"excerpt":{"rendered":"<p>Montag, 14.09.2020\u00a0\u00a0\u00a0\u00a0\u00a0\u00a0\u00a0 Goldbach 19:30 \u2013 22:00\u00a0\u00a0\u00a0\u00a0\u00a0\u00a0\u00a0\u00a0\u00a0\u00a0\u00a0\u00a0\u00a0\u00a0\u00a0\u00a0\u00a0\u00a0\u00a0\u00a0 Jugend (Jahrgang 2000 und j\u00fcnger) und Aktive Dienstag, 15.09.2020\u00a0\u00a0\u00a0\u00a0\u00a0 Laufach 16:30 \u2013 18:00\u00a0\u00a0\u00a0\u00a0\u00a0\u00a0\u00a0\u00a0\u00a0\u00a0\u00a0\u00a0\u00a0\u00a0\u00a0\u00a0\u00a0\u00a0\u00a0\u00a0 Sch\u00fcler und Minis (Jahrgang 2006 und j\u00fcnger) 20:00 \u2013 22:00\u00a0\u00a0\u00a0\u00a0\u00a0\u00a0\u00a0\u00a0\u00a0\u00a0\u00a0\u00a0\u00a0\u00a0\u00a0\u00a0\u00a0\u00a0\u00a0\u00a0 Jugend, Aktive und Hobby \u00a0 Mittwoch, 16.09.2020\u00a0\u00a0\u00a0 Goldbach 19:30 \u2013 22:00\u00a0\u00a0\u00a0\u00a0\u00a0\u00a0\u00a0\u00a0\u00a0\u00a0\u00a0\u00a0\u00a0\u00a0\u00a0\u00a0\u00a0\u00a0\u00a0\u00a0 Jugend (Jahrgang 2000 und j\u00fcnger), Aktive und Hobby \u00a0 Donnerstag, 16.09.2020 \u00a0\u00a0Goldbach 16:00 \u2013 17:30\u00a0\u00a0\u00a0\u00a0\u00a0\u00a0\u00a0\u00a0\u00a0\u00a0\u00a0\u00a0\u00a0\u00a0\u00a0\u00a0\u00a0\u00a0\u00a0\u00a0 [&hellip;]<\/p>\n","protected":false},"author":4,"featured_media":2265,"comment_status":"open","ping_status":"closed","sticky":false,"template":"","format":"standard","meta":{"_acf_changed":false,"_monsterinsights_skip_tracking":false,"_monsterinsights_sitenote_active":false,"_monsterinsights_sitenote_note":"","_monsterinsights_sitenote_category":0,"ngg_post_thumbnail":0,"footnotes":""},"categories":[3],"tags":[],"class_list":["post-5642","post","type-post","status-publish","format-standard","has-post-thumbnail","hentry","category-allgemein"],"acf":[],"_links":{"self":[{"href":"https:\/\/lignoplan.com\/wordpress_9\/wp-json\/wp\/v2\/posts\/5642","targetHints":{"allow":["GET"]}}],"collection":[{"href":"https:\/\/lignoplan.com\/wordpress_9\/wp-json\/wp\/v2\/posts"}],"about":[{"href":"https:\/\/lignoplan.com\/wordpress_9\/wp-json\/wp\/v2\/types\/post"}],"author":[{"embeddable":true,"href":"https:\/\/lignoplan.com\/wordpress_9\/wp-json\/wp\/v2\/users\/4"}],"replies":[{"embeddable":true,"href":"https:\/\/lignoplan.com\/wordpress_9\/wp-json\/wp\/v2\/comments?post=5642"}],"version-history":[{"count":2,"href":"https:\/\/lignoplan.com\/wordpress_9\/wp-json\/wp\/v2\/posts\/5642\/revisions"}],"predecessor-version":[{"id":5660,"href":"https:\/\/lignoplan.com\/wordpress_9\/wp-json\/wp\/v2\/posts\/5642\/revisions\/5660"}],"wp:featuredmedia":[{"embeddable":true,"href":"https:\/\/lignoplan.com\/wordpress_9\/wp-json\/wp\/v2\/media\/2265"}],"wp:attachment":[{"href":"https:\/\/lignoplan.com\/wordpress_9\/wp-json\/wp\/v2\/media?parent=5642"}],"wp:term":[{"taxonomy":"category","embeddable":true,"href":"https:\/\/lignoplan.com\/wordpress_9\/wp-json\/wp\/v2\/categories?post=5642"},{"taxonomy":"post_tag","embeddable":true,"href":"https:\/\/lignoplan.com\/wordpress_9\/wp-json\/wp\/v2\/tags?post=5642"}],"curies":[{"name":"wp","href":"https:\/\/api.w.org\/{rel}","templated":true}]}}