{"id":5608,"date":"2020-09-02T07:19:49","date_gmt":"2020-09-02T07:19:49","guid":{"rendered":"http:\/\/lignoplan.com\/wordpress_9\/?p=5608"},"modified":"2020-09-02T07:20:12","modified_gmt":"2020-09-02T07:20:12","slug":"bvg-von-der-wettkampfsperre-des-main-kinzig-kreis-nicht-betroffen","status":"publish","type":"post","link":"https:\/\/lignoplan.com\/wordpress_9\/bvg-von-der-wettkampfsperre-des-main-kinzig-kreis-nicht-betroffen\/","title":{"rendered":"BVG von der Wettkampfsperre des Main-Kinzig-Kreis NICHT betroffen"},"content":{"rendered":"<p><strong>Nun ist es amtlich:<\/strong><\/p>\n<p><strong><em>Der anstehende Saisonstart der BVG-Mannschaften am kommenden Wochenende kann wie geplant stattfinden. Die Spieler\/innen der BVG sind NICHT von der Wettkampfsperre des Main-Kinzig-Kreises betroffen.<\/em><\/strong><\/p>\n<p>Das Landratsamt des Main-Kinzig-Kreises hatte die Allgemeinverf\u00fcgung mittlerweile um folgenden Passus erg\u00e4nzt:<\/p>\n<p>\u201eDiese betrifft insbesondere kontaktfreie Sportarten wie Badminton. Eine Pr\u00fcfung von Einzelf\u00e4llen ist m\u00f6glich. <strong>Das gilt auch f\u00fcr Spieler\/innen, die dort ihre Spielberechtigung besitzen.\u201c<\/strong><\/p>\n<p>Das trifft eigentlich auch auf unsere Spieler\/innen zu, denn unsere Spielberechtigungen laufen ja alle \u00fcber Gro\u00dfauheim. Daher hatte unser Vorsitzender Hans-Peter Schmitt eine Anfrage an das Landratsamt des Main-Kinzig-Kreises geschickt. Heute kam die Antwort der zust\u00e4ndigen Beh\u00f6rde (Rechtsamt):<\/p>\n<p>\u201eSehr geehrter Herr Schmitt,<\/p>\n<p>ausweislich Ihrer Beschreibung besteht unter keinem Gesichtspunkt ein \u00f6rtlicher Bezug Ihres Vereins zum Main-Kinzig-Kreis. Ihr Verein unterf\u00e4llt damit nicht den Bestimmungen der Allgemeinverf\u00fcgung des Main-Kinzig-Kreises vom 24.08.2020. Einer Teilnahme Ihrer Mitglieder am regul\u00e4ren Spielbetrieb in Goldbach bzw. Laufach (Bayern) steht die Allgemeinverf\u00fcgung daher nicht entgegen. \u201e<\/p>\n<p>Damit verschiebt sich unser Saisonstart f\u00fcr die Aktiven zum Gl\u00fcck nicht, die am kommenden Wochenende, 05.\/06. September, mit Heimspielen in die neue Runde einsteigen. Die Sch\u00fcler- und Jugendspiele hatten wir schon vorsorglich verschoben. Das hatte aber seine Gr\u00fcnde nicht im Pandemiegeschehen, sondern h\u00e4ngt damit zusammen, dass in Bayern zum Saisonauftakt noch Schulferien sind. Der Bezirk Frankfurt gesteht uns quasi immer stillschweigend eine Verlegung des ersten Spielwochenendes zu, von der wir auch regelm\u00e4\u00dfig Gebrauch machen.<\/p>\n<p>&nbsp;<\/p>\n<p>Hier die Erg\u00e4nzung zur offiziellen Allgemeinverf\u00fcgung des Landratsamtes MKK.<\/p>\n<p>Auf der Internetseite des Main-Kinzig-Kreises ist nachzulesen, dass<\/p>\n<p>\u201eDoch trotz der \u00fcberschaubaren Zahl der Neuinfektion haben die Besch\u00e4ftigten des Gesundheitsamtes alle H\u00e4nde voll zu tun mit der Aufarbeitung der bereits bekannten Situationen an insgesamt sechs Schulen sowie den zuletzt betroffenen Fu\u00dfballmannschaften SG Schl\u00fcchtern und die SG Kressenbach\/Ulmbach. Die notwendige Quarant\u00e4ne wurde hier bereits veranlasst, die gr\u00f6\u00dfte Zahl der Testungen steht aber noch aus.\u201c<\/p>\n<p>\u201eAm Montag (31.08.20) sind f\u00fcr den Main-Kinzig-Kreis neun best\u00e4tigte Covid-19-Infektionen gemeldet worden. Davon kommen f\u00fcnf Personen aus Hanau, zwei aus Maintal sowie jeweils eine Person aus Bad Orb und Bad Soden-Salm\u00fcnster. Damit setzt sich die leichte Entspannung fort und die \u00fcberwiegende Zahl der neuen F\u00e4lle ist nach Auskunft des Gesundheitsamtes in der Entwicklung \u201egut nachvollziehbar\u201c. Der Inzidenzwert f\u00fcr den Main-Kinzig-Kreis liegt bei 15,2 und in der Stadt Hanau noch bei 28.\u201c<\/p>\n","protected":false},"excerpt":{"rendered":"<p>Nun ist es amtlich: Der anstehende Saisonstart der BVG-Mannschaften am kommenden Wochenende kann wie geplant stattfinden. Die Spieler\/innen der BVG sind NICHT von der Wettkampfsperre des Main-Kinzig-Kreises betroffen. Das Landratsamt des Main-Kinzig-Kreises hatte die Allgemeinverf\u00fcgung mittlerweile um folgenden Passus erg\u00e4nzt: \u201eDiese betrifft insbesondere kontaktfreie Sportarten wie Badminton. Eine Pr\u00fcfung von Einzelf\u00e4llen ist m\u00f6glich. Das gilt [&hellip;]<\/p>\n","protected":false},"author":4,"featured_media":5601,"comment_status":"open","ping_status":"closed","sticky":false,"template":"","format":"standard","meta":{"_acf_changed":false,"_monsterinsights_skip_tracking":false,"_monsterinsights_sitenote_active":false,"_monsterinsights_sitenote_note":"","_monsterinsights_sitenote_category":0,"ngg_post_thumbnail":0,"footnotes":""},"categories":[3],"tags":[],"class_list":["post-5608","post","type-post","status-publish","format-standard","has-post-thumbnail","hentry","category-allgemein"],"acf":[],"_links":{"self":[{"href":"https:\/\/lignoplan.com\/wordpress_9\/wp-json\/wp\/v2\/posts\/5608","targetHints":{"allow":["GET"]}}],"collection":[{"href":"https:\/\/lignoplan.com\/wordpress_9\/wp-json\/wp\/v2\/posts"}],"about":[{"href":"https:\/\/lignoplan.com\/wordpress_9\/wp-json\/wp\/v2\/types\/post"}],"author":[{"embeddable":true,"href":"https:\/\/lignoplan.com\/wordpress_9\/wp-json\/wp\/v2\/users\/4"}],"replies":[{"embeddable":true,"href":"https:\/\/lignoplan.com\/wordpress_9\/wp-json\/wp\/v2\/comments?post=5608"}],"version-history":[{"count":3,"href":"https:\/\/lignoplan.com\/wordpress_9\/wp-json\/wp\/v2\/posts\/5608\/revisions"}],"predecessor-version":[{"id":5615,"href":"https:\/\/lignoplan.com\/wordpress_9\/wp-json\/wp\/v2\/posts\/5608\/revisions\/5615"}],"wp:featuredmedia":[{"embeddable":true,"href":"https:\/\/lignoplan.com\/wordpress_9\/wp-json\/wp\/v2\/media\/5601"}],"wp:attachment":[{"href":"https:\/\/lignoplan.com\/wordpress_9\/wp-json\/wp\/v2\/media?parent=5608"}],"wp:term":[{"taxonomy":"category","embeddable":true,"href":"https:\/\/lignoplan.com\/wordpress_9\/wp-json\/wp\/v2\/categories?post=5608"},{"taxonomy":"post_tag","embeddable":true,"href":"https:\/\/lignoplan.com\/wordpress_9\/wp-json\/wp\/v2\/tags?post=5608"}],"curies":[{"name":"wp","href":"https:\/\/api.w.org\/{rel}","templated":true}]}}