{"id":12563,"date":"2025-06-22T21:39:05","date_gmt":"2025-06-22T19:39:05","guid":{"rendered":"https:\/\/lignoplan.com\/wordpress_7\/?p=12563"},"modified":"2025-06-22T21:39:05","modified_gmt":"2025-06-22T19:39:05","slug":"fahrradklimatest-2024","status":"publish","type":"post","link":"https:\/\/lignoplan.com\/wordpress_7\/fahrradklimatest-2024\/","title":{"rendered":"Fahrradklimatest 2024"},"content":{"rendered":"<p><a href=\"http:\/\/twitter.com\/share?url=https%3A%2F%2Flignoplan.com%2Fwordpress_7%2Ffahrradklimatest-2024%2F&amp;count=none&amp;lang=de&amp;via=https%3A%2F%2Ftwitter.com%2Fvihinfo&amp;related=vihinfo:Verkehrs-Initiative+H%C3%B6sbach&amp;text=Fahrradklimatest 2024 - VI H\u00f6sbach e.V.\" class=\"twitter-share-button\">Tweet<\/a><\/p>\n<p>Seit letzter Woche liegen die Ergebnisse des ADFC-Fahrradklimatests vor. Die  <a href=\"https:\/\/drive.google.com\/file\/d\/1P7E4-YT9NYj0-i6f-hTNKgQXo_PXuPoM\/view?usp=sharing\"><strong>Ergebnisse f\u00fcr H\u00f6sbach <\/strong><\/a>zeigen sich auf den ersten Blick &#8222;deutlich verbessert&#8220;. Die Gesamtbewertung mit der Note 3,8 liegt nicht mehr auf dem vorletzten Platz, wie in den vergangenen Jahren, sondern im Mittelfeld vergleichbarer Orte. Erfreulich auch die Anzahl der Teilnehmer, mit 109 die meisten Teilnehmer im Landkreis.<\/p>\n\n\n\n<h5 class=\"wp-block-heading\">Die genauere Analyse wirft Fragen auf<\/h5>\n\n\n\n<p>Bei genauerer Betrachtung der Ergebnisse stellen sich allerdings einige Fragen. So beispielsweise die St\u00e4rken:<\/p>\n\n\n\n<ul class=\"wp-block-list\">\n<li> Fahrradf\u00f6rderung in letzter Zeit? Au\u00dfer der Farbe f\u00fcr ein St\u00fcck Fahrradstra\u00dfe f\u00e4llt einem dazu nichts ein. <\/li>\n\n\n\n<li>Ge\u00f6ffnete Einbahnstra\u00dfen in Gegenrichtung? Die gibt es, nur gibt es die schon seit Jahren.<\/li>\n\n\n\n<li>Oberfl\u00e4che der Radwege? Die Fahrradstra\u00dfe am  Br\u00fchlweg ist stellenweise schon recht holprig und nicht als glatt oder eben zu bezeichnen.<\/li>\n<\/ul>\n\n\n\n<p>M\u00f6glicherweise sind die H\u00f6sbacher Teilnehmenden in diesem Jahr nicht \u00fcberm\u00e4\u00dfig kritisch oder allgemein wenig verw\u00f6hnt, wenn es um Radverkehr geht. Immerhin vergeben 46 % die Note 1 oder 2 bei der Frage, ob Radfahren in H\u00f6sbach Spa\u00df macht. <\/p>\n\n\n\n<p>Wenn nur nicht 99\u00a0% der H\u00f6sbacher das Autofahren noch mehr Spa\u00df machen w\u00fcrde&#8230;<\/p>\n\n\n\n<p><\/p>\n","protected":false},"excerpt":{"rendered":"<p>Tweet Seit letzter Woche liegen die Ergebnisse des ADFC-Fahrradklimatests vor. Die Ergebnisse f\u00fcr H\u00f6sbach zeigen sich auf den ersten Blick &#8222;deutlich verbessert&#8220;. Die Gesamtbewertung mit der Note 3,8 liegt nicht mehr auf dem vorletzten Platz, wie in den vergangenen Jahren, sondern im Mittelfeld vergleichbarer Orte. Erfreulich auch die Anzahl der Teilnehmer, mit 109 die meisten &hellip; <a href=\"https:\/\/lignoplan.com\/wordpress_7\/fahrradklimatest-2024\/\" class=\"more-link\"><span class=\"screen-reader-text\">Fahrradklimatest 2024<\/span> weiterlesen <span class=\"meta-nav\">&rarr;<\/span><\/a><\/p>\n","protected":false},"author":2,"featured_media":0,"comment_status":"open","ping_status":"closed","sticky":false,"template":"","format":"standard","meta":{"ngg_post_thumbnail":0,"footnotes":""},"categories":[3],"tags":[],"class_list":["post-12563","post","type-post","status-publish","format-standard","hentry","category-fahradverkehr"],"_links":{"self":[{"href":"https:\/\/lignoplan.com\/wordpress_7\/wp-json\/wp\/v2\/posts\/12563","targetHints":{"allow":["GET"]}}],"collection":[{"href":"https:\/\/lignoplan.com\/wordpress_7\/wp-json\/wp\/v2\/posts"}],"about":[{"href":"https:\/\/lignoplan.com\/wordpress_7\/wp-json\/wp\/v2\/types\/post"}],"author":[{"embeddable":true,"href":"https:\/\/lignoplan.com\/wordpress_7\/wp-json\/wp\/v2\/users\/2"}],"replies":[{"embeddable":true,"href":"https:\/\/lignoplan.com\/wordpress_7\/wp-json\/wp\/v2\/comments?post=12563"}],"version-history":[{"count":5,"href":"https:\/\/lignoplan.com\/wordpress_7\/wp-json\/wp\/v2\/posts\/12563\/revisions"}],"predecessor-version":[{"id":12568,"href":"https:\/\/lignoplan.com\/wordpress_7\/wp-json\/wp\/v2\/posts\/12563\/revisions\/12568"}],"wp:attachment":[{"href":"https:\/\/lignoplan.com\/wordpress_7\/wp-json\/wp\/v2\/media?parent=12563"}],"wp:term":[{"taxonomy":"category","embeddable":true,"href":"https:\/\/lignoplan.com\/wordpress_7\/wp-json\/wp\/v2\/categories?post=12563"},{"taxonomy":"post_tag","embeddable":true,"href":"https:\/\/lignoplan.com\/wordpress_7\/wp-json\/wp\/v2\/tags?post=12563"}],"curies":[{"name":"wp","href":"https:\/\/api.w.org\/{rel}","templated":true}]}}