{"id":10512,"date":"2020-05-10T21:13:39","date_gmt":"2020-05-10T19:13:39","guid":{"rendered":"http:\/\/lignoplan.com\/wordpress_7\/?p=10512"},"modified":"2020-05-10T21:13:41","modified_gmt":"2020-05-10T19:13:41","slug":"neuer-marktgemeinderat-neue-ausschuesse","status":"publish","type":"post","link":"https:\/\/lignoplan.com\/wordpress_7\/neuer-marktgemeinderat-neue-ausschuesse\/","title":{"rendered":"Neuer Marktgemeinderat, neue Aussch\u00fcsse"},"content":{"rendered":"<p><a href=\"http:\/\/twitter.com\/share?url=https%3A%2F%2Flignoplan.com%2Fwordpress_7%2Fneuer-marktgemeinderat-neue-ausschuesse%2F&amp;count=none&amp;lang=de&amp;via=https%3A%2F%2Ftwitter.com%2Fvihinfo&amp;related=vihinfo:Verkehrs-Initiative+H%C3%B6sbach&amp;text=Neuer Marktgemeinderat, neue Aussch\u00fcsse - VI H\u00f6sbach e.V.\" class=\"twitter-share-button\">Tweet<\/a><\/p>\n<p>Am 7.5.2020 fand die konstituierende Sitzung des neuen H\u00f6sbacher Marktgemeinderats im Kultur- und Sportzentrum statt. Obwohl keine Einladung im amtlichen Teil des H\u00f6sbacher Mitteilungsblatts erfolgte, fanden einige B\u00fcrger den Weg auf die Zuh\u00f6rerpl\u00e4tze in der Sporthalle. Inhaltlich wurde unter anderem der Beschluss gefasst, den Hauptausschuss k\u00fcnftig mit den Bereichen Umwelt und Soziales zu erweitern und mit einer gr\u00f6\u00dferen finanziellen Entscheidungsbefugnis auszustatten.<\/p>\n\n\n\n<p>Verschleppt wurde die Entscheidung zur Fortf\u00fchrung bzw. Neustrukturierung des Lenkungsausschusses. Gab es zwischenzeitlich den Vorschlag, die Entscheidung bis zur Sommerpause zu treffen, setzte sich letztlich der Vorschlag durch, dies im Rahmen des Strategietreffens  der Marktgemeinder\u00e4te zu besprechen. Der Haken dabei: es steht noch kein Termin daf\u00fcr fest, voraussichtlich findet das Treffen irgendwann im Herbst statt. Ein <a href=\"https:\/\/lignoplan.com\/wordpress_7\/verbot-der-veroeffentlichung-durch-markt-hoesbach\/\"><strong>Diskussionspapier <\/strong><\/a>hatte die VIH schon im Vorfeld der Kommunalwahl vorgelegt. Die Verschiebung bedeutet, vor Fr\u00fchjahr 2021 wird es hier nicht weitergehen.<\/p>\n\n\n\n<p>Dabei w\u00e4re es dringend erforderlich, eine Perspektive f\u00fcr ein funktionerendes Mobilit\u00e4tskonzept f\u00fcr H\u00f6sbach zu entwickeln. Das gescheiterte aktuelle Konzept, nach dem momentan geplant und gebaut wird, muss \u00fcberarbeitet und erg\u00e4nzt werden. Die VIH weist seit <a href=\"https:\/\/lignoplan.com\/wordpress_7\/wp-content\/uploads\/2019\/03\/Schreiben-Markt-H%C3%B6sbach-26_1_19.pdf\"><strong>\u00fcber einem Jahr darauf hin<\/strong><\/a>. Mit einer zus\u00e4tzlichen Fahrspur am Stachus in den Kahlgrund wird es nicht getan sein.<\/p>\n\n\n\n<p>Immerhin gibt es zu dem Fahradkonzept nun eine Beteiligungs-M\u00f6glichkeit \u00fcber eine Webseite. Alle B\u00fcrger und vor allen Dingen Fahrradnutzer werden eingeladen, sich bis zum 6.7.2020  an der <a rel=\"noreferrer noopener\" href=\"http:\/\/hoesbach.varplus.de\" target=\"_blank\"><strong>Befragung des Planungsb\u00fcros<\/strong> <\/a>zu beteiligen oder Stellung zu beziehen.<\/p>\n","protected":false},"excerpt":{"rendered":"<p>Tweet Am 7.5.2020 fand die konstituierende Sitzung des neuen H\u00f6sbacher Marktgemeinderats im Kultur- und Sportzentrum statt. Obwohl keine Einladung im amtlichen Teil des H\u00f6sbacher Mitteilungsblatts erfolgte, fanden einige B\u00fcrger den Weg auf die Zuh\u00f6rerpl\u00e4tze in der Sporthalle. Inhaltlich wurde unter anderem der Beschluss gefasst, den Hauptausschuss k\u00fcnftig mit den Bereichen Umwelt und Soziales zu erweitern &hellip; <a href=\"https:\/\/lignoplan.com\/wordpress_7\/neuer-marktgemeinderat-neue-ausschuesse\/\" class=\"more-link\"><span class=\"screen-reader-text\">Neuer Marktgemeinderat, neue Aussch\u00fcsse<\/span> weiterlesen <span class=\"meta-nav\">&rarr;<\/span><\/a><\/p>\n","protected":false},"author":2,"featured_media":0,"comment_status":"open","ping_status":"closed","sticky":false,"template":"","format":"standard","meta":{"ngg_post_thumbnail":0,"footnotes":""},"categories":[2,3],"tags":[],"class_list":["post-10512","post","type-post","status-publish","format-standard","hentry","category-allgemein","category-fahradverkehr"],"_links":{"self":[{"href":"https:\/\/lignoplan.com\/wordpress_7\/wp-json\/wp\/v2\/posts\/10512","targetHints":{"allow":["GET"]}}],"collection":[{"href":"https:\/\/lignoplan.com\/wordpress_7\/wp-json\/wp\/v2\/posts"}],"about":[{"href":"https:\/\/lignoplan.com\/wordpress_7\/wp-json\/wp\/v2\/types\/post"}],"author":[{"embeddable":true,"href":"https:\/\/lignoplan.com\/wordpress_7\/wp-json\/wp\/v2\/users\/2"}],"replies":[{"embeddable":true,"href":"https:\/\/lignoplan.com\/wordpress_7\/wp-json\/wp\/v2\/comments?post=10512"}],"version-history":[{"count":17,"href":"https:\/\/lignoplan.com\/wordpress_7\/wp-json\/wp\/v2\/posts\/10512\/revisions"}],"predecessor-version":[{"id":10529,"href":"https:\/\/lignoplan.com\/wordpress_7\/wp-json\/wp\/v2\/posts\/10512\/revisions\/10529"}],"wp:attachment":[{"href":"https:\/\/lignoplan.com\/wordpress_7\/wp-json\/wp\/v2\/media?parent=10512"}],"wp:term":[{"taxonomy":"category","embeddable":true,"href":"https:\/\/lignoplan.com\/wordpress_7\/wp-json\/wp\/v2\/categories?post=10512"},{"taxonomy":"post_tag","embeddable":true,"href":"https:\/\/lignoplan.com\/wordpress_7\/wp-json\/wp\/v2\/tags?post=10512"}],"curies":[{"name":"wp","href":"https:\/\/api.w.org\/{rel}","templated":true}]}}